{"id":962,"date":"2023-05-12T14:05:08","date_gmt":"2023-05-12T12:05:08","guid":{"rendered":"http:\/\/cirkalmetoi.fr\/blog\/?p=962"},"modified":"2023-06-23T12:06:27","modified_gmt":"2023-06-23T10:06:27","slug":"inscriptions-saison-2023-2024","status":"publish","type":"post","link":"http:\/\/old.cirkalmetoi.fr\/blog\/2023\/05\/12\/inscriptions-saison-2023-2024\/","title":{"rendered":"Inscriptions Saison 2023-2024"},"content":{"rendered":"<h4 style=\"text-align: center\">Les horaires des cours, tranches d&rsquo;\u00e2ge et tarifs restent les m\u00eames pour la saison 2023-2024.<\/h4>\n<p style=\"text-align: center\">&#8230;&#8230;&#8230;&#8230;&#8230;&#8230;&#8230;&#8230;&#8230;&#8230;&#8230;&#8230;&#8230;&#8230;&#8230;&#8230;&#8230;&#8230;&#8230;&#8230;&#8230;&#8230;&#8230;&#8230;.<\/p>\n<h4 style=\"text-align: center\">Les inscriptions ont lieu<\/h4>\n<p style=\"text-align: center\">.<\/p>\n<h3 style=\"text-align: center\">le Mercredi 28 juin,<br \/>\n<span style=\"font-weight: normal\">au gymnase Anatole France, de 18h \u00e0 19h30, <\/span><\/h3>\n<h3 style=\"text-align: center\"><span style=\"font-weight: normal\">et<\/span><\/h3>\n<h3 style=\"text-align: center\">le Samedi 09 septembre,<br \/>\n<span style=\"font-weight: normal\">au Forum des associations de Chaville, de 10h \u00e0 18h.<\/span><\/h3>\n<p style=\"text-align: center\"><span style=\"font-weight: normal\">&#8230;&#8230;&#8230;&#8230;&#8230;<\/span><\/p>\n<h3 style=\"text-align: center\"><span style=\"font-weight: normal\">Les cours d\u00e9buteront \u00e0 partir du Lundi 11 septembre 2023 \ud83d\ude09 <\/span><\/h3>\n<p style=\"text-align: center\"><span style=\"font-weight: normal\">&#8230;&#8230;&#8230;&#8230;&#8230;<\/span><\/p>\n<p style=\"text-align: center\"><img loading=\"lazy\" decoding=\"async\" class=\"size-large wp-image-964 alignleft\" src=\"http:\/\/cirkalmetoi.fr\/blog\/wp-content\/uploads\/2023\/05\/1680012106495-639x1024.jpg\" alt=\"1680012106495\" width=\"99\" height=\"159\" srcset=\"http:\/\/old.cirkalmetoi.fr\/blog\/wp-content\/uploads\/2023\/05\/1680012106495-639x1024.jpg 639w, http:\/\/old.cirkalmetoi.fr\/blog\/wp-content\/uploads\/2023\/05\/1680012106495-187x300.jpg 187w, http:\/\/old.cirkalmetoi.fr\/blog\/wp-content\/uploads\/2023\/05\/1680012106495.jpg 1688w\" sizes=\"(max-width: 99px) 100vw, 99px\" \/><\/p>\n<p style=\"text-align: center\">\n<h4 style=\"text-align: center\">Les documents n\u00e9cessaires \u00e0 l&rsquo;inscription sont \/<\/h4>\n<h4 style=\"text-align: center\">une photo d&rsquo;identit\u00e9,<\/h4>\n<h4 style=\"text-align: center\">un certificat m\u00e9dical (apte \u00e0 la pratique du sport),<\/h4>\n<h4 style=\"text-align: center\">et le paiement (Ch\u00e8que(s), esp\u00e8ces, Pass 92, ANCV).<\/h4>\n<h4 style=\"font-size: 13px;text-align: center\"><img loading=\"lazy\" decoding=\"async\" class=\"size-large wp-image-963 alignright\" style=\"font-weight: 400;text-align: start\" src=\"http:\/\/cirkalmetoi.fr\/blog\/wp-content\/uploads\/2023\/05\/1680012106466-514x1024.jpg\" alt=\"1680012106466\" width=\"89\" height=\"177\" srcset=\"http:\/\/old.cirkalmetoi.fr\/blog\/wp-content\/uploads\/2023\/05\/1680012106466-514x1024.jpg 514w, http:\/\/old.cirkalmetoi.fr\/blog\/wp-content\/uploads\/2023\/05\/1680012106466-150x300.jpg 150w, http:\/\/old.cirkalmetoi.fr\/blog\/wp-content\/uploads\/2023\/05\/1680012106466.jpg 1501w\" sizes=\"(max-width: 89px) 100vw, 89px\" \/><\/h4>\n<h4 style=\"text-align: center\">&#8230;&#8230;&#8230;&#8230;&#8230;&#8230;&#8230;&#8230;..<\/h4>\n<h4 style=\"text-align: center\">A Bient\u00f4t !<\/h4>\n<p style=\"text-align: center\">\n","protected":false},"excerpt":{"rendered":"<p>Les horaires des cours, tranches d&rsquo;\u00e2ge et tarifs restent les m\u00eames pour la saison 2023-2024. &#8230;&#8230;&#8230;&#8230;&#8230;&#8230;&#8230;&#8230;&#8230;&#8230;&#8230;&#8230;&#8230;&#8230;&#8230;&#8230;&#8230;&#8230;&#8230;&#8230;&#8230;&#8230;&#8230;&#8230;. Les inscriptions ont lieu . le Mercredi 28 juin, au gymnase Anatole France, de 18h \u00e0 19h30, et le Samedi 09 septembre, au Forum des associations de Chaville, de 10h \u00e0 18h. &#8230;&#8230;&#8230;&#8230;&#8230; Les cours d\u00e9buteront \u00e0 partir du [&hellip;]<\/p>\n","protected":false},"author":5,"featured_media":0,"comment_status":"open","ping_status":"open","sticky":false,"template":"","format":"standard","meta":{"footnotes":""},"categories":[4],"tags":[],"_links":{"self":[{"href":"http:\/\/old.cirkalmetoi.fr\/blog\/wp-json\/wp\/v2\/posts\/962"}],"collection":[{"href":"http:\/\/old.cirkalmetoi.fr\/blog\/wp-json\/wp\/v2\/posts"}],"about":[{"href":"http:\/\/old.cirkalmetoi.fr\/blog\/wp-json\/wp\/v2\/types\/post"}],"author":[{"embeddable":true,"href":"http:\/\/old.cirkalmetoi.fr\/blog\/wp-json\/wp\/v2\/users\/5"}],"replies":[{"embeddable":true,"href":"http:\/\/old.cirkalmetoi.fr\/blog\/wp-json\/wp\/v2\/comments?post=962"}],"version-history":[{"count":23,"href":"http:\/\/old.cirkalmetoi.fr\/blog\/wp-json\/wp\/v2\/posts\/962\/revisions"}],"predecessor-version":[{"id":986,"href":"http:\/\/old.cirkalmetoi.fr\/blog\/wp-json\/wp\/v2\/posts\/962\/revisions\/986"}],"wp:attachment":[{"href":"http:\/\/old.cirkalmetoi.fr\/blog\/wp-json\/wp\/v2\/media?parent=962"}],"wp:term":[{"taxonomy":"category","embeddable":true,"href":"http:\/\/old.cirkalmetoi.fr\/blog\/wp-json\/wp\/v2\/categories?post=962"},{"taxonomy":"post_tag","embeddable":true,"href":"http:\/\/old.cirkalmetoi.fr\/blog\/wp-json\/wp\/v2\/tags?post=962"}],"curies":[{"name":"wp","href":"https:\/\/api.w.org\/{rel}","templated":true}]}}