{"id":707,"date":"2020-06-19T12:04:31","date_gmt":"2020-06-19T10:04:31","guid":{"rendered":"http:\/\/cirkalmetoi.fr\/blog\/?p=707"},"modified":"2020-06-23T10:35:19","modified_gmt":"2020-06-23T08:35:19","slug":"nouvelles","status":"publish","type":"post","link":"http:\/\/old.cirkalmetoi.fr\/blog\/2020\/06\/19\/nouvelles\/","title":{"rendered":"! Nouvelles !"},"content":{"rendered":"<h5 style=\"text-align: center\"><span style=\"color: #333399\">Bonjour \u00e0 Vous, <\/span><\/h5>\n<h5 style=\"text-align: center\"><span style=\"color: #333399\">Voici quelques nouvelles pour cette fin de saison.<\/span><\/h5>\n<p style=\"text-align: center\"><span style=\"color: #ff9900\"><strong>&#8230;&#8230;&#8230;&#8230;&#8230;&#8230;&#8230;.<\/strong><\/span><\/p>\n<h5><span style=\"color: #000000\">Suivant les recommandation du gouvernement,<br \/>\nLa municipalit\u00e9 nous a inform\u00e9 que les gymnases pourront rouvrir sous certaines conditions. <\/span><\/h5>\n<h5><span style=\"color: #000000\">Reprise la semaine du 22 juin. <\/span><\/h5>\n<p style=\"text-align: center\"><strong><span style=\"color: #ff9900\"> &#8230;&#8230;&#8230;&#8230;&#8230;&#8230;.<\/span><\/strong><\/p>\n<h4 style=\"text-align: center\"><span style=\"font-size: 0.83em\">Nous mettrons en place un stage pour les vacances d&rsquo;\u00e9t\u00e9<\/span><\/h4>\n<h5 style=\"text-align: center\"><img loading=\"lazy\" decoding=\"async\" class=\"aligncenter\" style=\"font-size: 13px;font-weight: 400;color: #000080\" src=\"http:\/\/cirkalmetoi.fr\/blog\/wp-content\/uploads\/2020\/05\/Juillet-2020--708x1024.jpg\" alt=\"Juillet 2020\" width=\"163\" height=\"238\" \/><\/h5>\n<h5 style=\"text-align: center\"><\/h5>\n<p><span style=\"color: #333399\"> <\/span><\/p>\n<h5><span style=\"text-decoration: underline\"> <\/span><\/h5>\n<h4 style=\"text-align: center\"><span style=\"color: #ff9900\">&#8230;&#8230;&#8230;&#8230;<\/span><\/h4>\n<h5 style=\"text-align: center\"><strong><span style=\"text-decoration: underline\"><span style=\"color: #0000ff\">Lieu de pratique !<\/span><\/span><\/strong><\/h5>\n<h5><strong><span style=\"text-decoration: underline\"> <\/span><\/strong>Les travaux pr\u00e9vus\u00a0dans le gymnase Anatole France ayant \u00e9t\u00e9 retard\u00e9s, les cours reprendront normalement au gymnase en septembre\u00a02020.<br \/>\nCependant, nous changerons\u00a0de lieux en cours d&rsquo;ann\u00e9e (aux environs du mois de janvier).<br \/>\nC&rsquo;est pourquoi, nous \u00e9tudions\u00a0avec\u00a0Monsieur le\u00a0Maire et les services municipaux, la possibilit\u00e9 d&rsquo;implanter un chapiteau \u00e0 Chaville.<br \/>\nProjet \u00e0 suivre &#8230;<\/h5>\n<h4 style=\"text-align: center\"><span style=\"color: #ff9900\">&#8230;&#8230;&#8230;&#8230;&#8230;&#8230;&#8230;&#8230;.<\/span><\/h4>\n<h4 style=\"text-align: center\"><strong><span style=\"font-size: 0.83em\"><span style=\"color: #0000ff\">Inscriptions et R\u00e9-Inscriptions<\/span><\/span><span style=\"color: #333399;font-size: 0.83em\"><span style=\"color: #000000\"> <\/span><br \/>\n<\/span><\/strong><strong><span style=\"color: #333399;font-size: 0.83em\"><em><span style=\"color: #000080\">Saison 2020-2021<\/span><\/em><\/span><\/strong><\/h4>\n<h6><strong><span style=\"color: #333399;font-size: 0.83em\"><em><span style=\"color: #000080\"><br \/>\n<\/span><\/em><\/span><\/strong><\/h6>\n<h5><span style=\"color: #333399\"><span style=\"color: #339966\"><span style=\"color: #3366ff\">Chers adh\u00e9rents,<\/span> <\/span><span style=\"color: #000000\">afin de conserver votre place,\u00a0vous avez jusqu&rsquo;au 01 juillet <\/span><\/span><span style=\"color: #000000\">pour nous informer de votre choix pour la saison prochaine. <\/span><\/h5>\n<p><span style=\"color: #000000\"><br \/>\n<\/span><\/p>\n<h5><span style=\"color: #333399\"> <\/span><span style=\"color: #ff0000\">Nouveaux adh\u00e9rents\u00a0\/<\/span> Les demandes d&rsquo;inscriptions seront possibles par mail, du 01 juillet au 13 juillet et \u00e0 la rentr\u00e9e.<\/h5>\n<h4><span style=\"color: #333399\"><span style=\"font-size: 0.83em;text-align: center\"><span style=\"color: #000000\">En fonction des places disponibles,<br \/>\n<\/span><\/span><\/span><span style=\"color: #333399\"><span style=\"font-size: 0.83em;text-align: center\"><span style=\"color: #000000\">vous pourrez remplir la fiche d&rsquo;inscription et nous fournir les documents n\u00e9cessaires<\/span><br \/>\n<\/span><\/span><span style=\"color: #333399\"><span style=\"font-size: 0.83em;text-align: center\">(1 photo d&rsquo;identit\u00e9, un certificat m\u00e9dical et le paiement correspondant au cours choisi) <\/span><\/span><\/h4>\n<p style=\"text-align: center\"><span style=\"color: #333399\"><strong><span style=\"color: #ff6600\">&#8230;&#8230;&#8230;&#8230;&#8230;&#8230;&#8230;<\/span><\/strong><\/span><\/p>\n<p style=\"text-align: center\">\n<p style=\"text-align: center\"><span style=\"color: #333399\"><strong>A bient\u00f4t et Merci de votre visite !<\/strong><\/span><\/p>\n<p style=\"text-align: center\">\n<p style=\"text-align: center\"><span style=\"color: #333399\"><strong><span style=\"color: #ff6600\">&#8230;&#8230;&#8230;&#8230;&#8230;&#8230;&#8230;&#8230;..<\/span><\/strong><\/span><\/p>\n<p style=\"text-align: center\"><span style=\"color: #333399\"><strong><br \/>\n<\/strong><\/span><\/p>\n","protected":false},"excerpt":{"rendered":"<p>Bonjour \u00e0 Vous, Voici quelques nouvelles pour cette fin de saison. &#8230;&#8230;&#8230;&#8230;&#8230;&#8230;&#8230;. Suivant les recommandation du gouvernement, La municipalit\u00e9 nous a inform\u00e9 que les gymnases pourront rouvrir sous certaines conditions. Reprise la semaine du 22 juin. &#8230;&#8230;&#8230;&#8230;&#8230;&#8230;. Nous mettrons en place un stage pour les vacances d&rsquo;\u00e9t\u00e9 &#8230;&#8230;&#8230;&#8230; Lieu de pratique ! Les travaux pr\u00e9vus\u00a0dans [&hellip;]<\/p>\n","protected":false},"author":5,"featured_media":0,"comment_status":"open","ping_status":"open","sticky":false,"template":"","format":"standard","meta":{"footnotes":""},"categories":[4],"tags":[],"_links":{"self":[{"href":"http:\/\/old.cirkalmetoi.fr\/blog\/wp-json\/wp\/v2\/posts\/707"}],"collection":[{"href":"http:\/\/old.cirkalmetoi.fr\/blog\/wp-json\/wp\/v2\/posts"}],"about":[{"href":"http:\/\/old.cirkalmetoi.fr\/blog\/wp-json\/wp\/v2\/types\/post"}],"author":[{"embeddable":true,"href":"http:\/\/old.cirkalmetoi.fr\/blog\/wp-json\/wp\/v2\/users\/5"}],"replies":[{"embeddable":true,"href":"http:\/\/old.cirkalmetoi.fr\/blog\/wp-json\/wp\/v2\/comments?post=707"}],"version-history":[{"count":39,"href":"http:\/\/old.cirkalmetoi.fr\/blog\/wp-json\/wp\/v2\/posts\/707\/revisions"}],"predecessor-version":[{"id":745,"href":"http:\/\/old.cirkalmetoi.fr\/blog\/wp-json\/wp\/v2\/posts\/707\/revisions\/745"}],"wp:attachment":[{"href":"http:\/\/old.cirkalmetoi.fr\/blog\/wp-json\/wp\/v2\/media?parent=707"}],"wp:term":[{"taxonomy":"category","embeddable":true,"href":"http:\/\/old.cirkalmetoi.fr\/blog\/wp-json\/wp\/v2\/categories?post=707"},{"taxonomy":"post_tag","embeddable":true,"href":"http:\/\/old.cirkalmetoi.fr\/blog\/wp-json\/wp\/v2\/tags?post=707"}],"curies":[{"name":"wp","href":"https:\/\/api.w.org\/{rel}","templated":true}]}}