{"id":70,"date":"2010-08-30T12:21:06","date_gmt":"2010-08-30T10:21:06","guid":{"rendered":"http:\/\/cirkalmetoi.fr\/blog\/?p=70"},"modified":"2010-08-30T12:21:06","modified_gmt":"2010-08-30T10:21:06","slug":"inscriptions-saison-2010-2011","status":"publish","type":"post","link":"http:\/\/old.cirkalmetoi.fr\/blog\/2010\/08\/30\/inscriptions-saison-2010-2011\/","title":{"rendered":"Inscriptions \/ Saison 2010-2011 !"},"content":{"rendered":"<p style=\"text-align: center\">La Compagnie CirKalme-Toi sera pr\u00e9sente au Forum des associations de Chaville,<\/p>\n<p style=\"text-align: center\">le samedi 11 septembre 2010, sur le parvis de l&rsquo;Atrium.<\/p>\n<ul>\n<li>Au programme : Renseignements, Inscriptions, D\u00e9monstrations !<\/li>\n<\/ul>\n<p style=\"text-align: center\"><strong><em>Nouveau !<\/em><\/strong>\u00a0\u00a0 Cours 6-7 ans, le samedi matin de 10h \u00e0 11h30.<\/p>\n<p style=\"text-align: center\">\u00a0<\/p>\n<p><em>Pour les r\u00e9inscriptions, Veuillez nous confirmer votre venue par mail ou tel !<\/em><\/p>\n<p style=\"text-align: center\">CirKeuse Rentr\u00e9e \u00e0 Tous, \u00e0 Bient\u00f4t<\/p>\n","protected":false},"excerpt":{"rendered":"<p>La Compagnie CirKalme-Toi sera pr\u00e9sente au Forum des associations de Chaville, le samedi 11 septembre 2010, sur le parvis de l&rsquo;Atrium. Au programme : Renseignements, Inscriptions, D\u00e9monstrations ! Nouveau !\u00a0\u00a0 Cours 6-7 ans, le samedi matin de 10h \u00e0 11h30. \u00a0 Pour les r\u00e9inscriptions, Veuillez nous confirmer votre venue par mail ou tel ! CirKeuse [&hellip;]<\/p>\n","protected":false},"author":5,"featured_media":0,"comment_status":"open","ping_status":"open","sticky":false,"template":"","format":"standard","meta":{"footnotes":""},"categories":[4],"tags":[],"_links":{"self":[{"href":"http:\/\/old.cirkalmetoi.fr\/blog\/wp-json\/wp\/v2\/posts\/70"}],"collection":[{"href":"http:\/\/old.cirkalmetoi.fr\/blog\/wp-json\/wp\/v2\/posts"}],"about":[{"href":"http:\/\/old.cirkalmetoi.fr\/blog\/wp-json\/wp\/v2\/types\/post"}],"author":[{"embeddable":true,"href":"http:\/\/old.cirkalmetoi.fr\/blog\/wp-json\/wp\/v2\/users\/5"}],"replies":[{"embeddable":true,"href":"http:\/\/old.cirkalmetoi.fr\/blog\/wp-json\/wp\/v2\/comments?post=70"}],"version-history":[{"count":1,"href":"http:\/\/old.cirkalmetoi.fr\/blog\/wp-json\/wp\/v2\/posts\/70\/revisions"}],"predecessor-version":[{"id":72,"href":"http:\/\/old.cirkalmetoi.fr\/blog\/wp-json\/wp\/v2\/posts\/70\/revisions\/72"}],"wp:attachment":[{"href":"http:\/\/old.cirkalmetoi.fr\/blog\/wp-json\/wp\/v2\/media?parent=70"}],"wp:term":[{"taxonomy":"category","embeddable":true,"href":"http:\/\/old.cirkalmetoi.fr\/blog\/wp-json\/wp\/v2\/categories?post=70"},{"taxonomy":"post_tag","embeddable":true,"href":"http:\/\/old.cirkalmetoi.fr\/blog\/wp-json\/wp\/v2\/tags?post=70"}],"curies":[{"name":"wp","href":"https:\/\/api.w.org\/{rel}","templated":true}]}}