{"id":673,"date":"2019-09-26T15:18:16","date_gmt":"2019-09-26T13:18:16","guid":{"rendered":"http:\/\/cirkalmetoi.fr\/blog\/?p=673"},"modified":"2019-09-26T15:18:16","modified_gmt":"2019-09-26T13:18:16","slug":"stage-octobre-2019","status":"publish","type":"post","link":"http:\/\/old.cirkalmetoi.fr\/blog\/2019\/09\/26\/stage-octobre-2019\/","title":{"rendered":"Stage Octobre 2019"},"content":{"rendered":"<p style=\"text-align: center\"><img loading=\"lazy\" decoding=\"async\" class=\"aligncenter size-large wp-image-674\" src=\"http:\/\/cirkalmetoi.fr\/blog\/wp-content\/uploads\/2019\/09\/Octobre-2019--708x1024.jpg\" alt=\"Octobre 2019\" width=\"509\" height=\"737\" srcset=\"http:\/\/old.cirkalmetoi.fr\/blog\/wp-content\/uploads\/2019\/09\/Octobre-2019--708x1024.jpg 708w, http:\/\/old.cirkalmetoi.fr\/blog\/wp-content\/uploads\/2019\/09\/Octobre-2019--207x300.jpg 207w\" sizes=\"(max-width: 509px) 100vw, 509px\" \/><\/p>\n<h3 style=\"margin: 0px;padding: 0px;color: #404040;font-family: Verdana, Arial, Helvetica, sans-serif;text-align: center\"><span style=\"margin: 0px;padding: 0px;color: #ff6600\"><span style=\"color: #ff0000\">Places limit\u00e9es \u00e0 8 pour l&rsquo;\u00e9quitation<\/span><span style=\"font-family: Verdana, Arial, Helvetica, sans-serif\">, <\/span><\/span><\/h3>\n<h3 style=\"margin: 0px;padding: 0px;color: #404040;font-family: Verdana, Arial, Helvetica, sans-serif;text-align: center\"><span style=\"margin: 0px;padding: 0px\"><span style=\"color: #993300\">possibilit\u00e9 de participer que \u00e0 l&rsquo;activit\u00e9 Cirque de l&rsquo;apr\u00e8s-midi.<\/span><\/span><\/h3>\n<h3 style=\"margin: 0px;padding: 0px;color: #404040;font-family: Verdana, Arial, Helvetica, sans-serif;text-align: center\"><span style=\"margin: 0px;padding: 0px\"><span style=\"color: #993300\"><br \/>\n<\/span><\/span><\/h3>\n<h3 style=\"margin: 0px;padding: 0px;color: #404040;font-family: Verdana, Arial, Helvetica, sans-serif;text-align: center\"><span style=\"margin: 0px;padding: 0px;color: #ff6600\">Inscriptions, Gymnase Anatole France,<\/span><\/h3>\n<h3 style=\"margin: 0px;padding: 0px;color: #404040;font-family: Verdana, Arial, Helvetica, sans-serif;text-align: center\"><span style=\"color: #ff6600\">pendant nos cours !!!!!!!!!!!!!<\/span><\/h3>\n<p style=\"text-align: center\">&#8230;&#8230;&#8230;&#8230;&#8230;&#8230;&#8230;&#8230;&#8230;&#8230;&#8230;&#8230;&#8230;&#8230;&#8230;&#8230;&#8230;&#8230;&#8230;&#8230;&#8230;&#8230;&#8230;&#8230;&#8230;&#8230;&#8230;&#8230;.<\/p>\n<p><span style=\"color: #ff6600\"><br \/>\n<\/span><\/p>\n","protected":false},"excerpt":{"rendered":"<p>Places limit\u00e9es \u00e0 8 pour l&rsquo;\u00e9quitation, possibilit\u00e9 de participer que \u00e0 l&rsquo;activit\u00e9 Cirque de l&rsquo;apr\u00e8s-midi. Inscriptions, Gymnase Anatole France, pendant nos cours !!!!!!!!!!!!! &#8230;&#8230;&#8230;&#8230;&#8230;&#8230;&#8230;&#8230;&#8230;&#8230;&#8230;&#8230;&#8230;&#8230;&#8230;&#8230;&#8230;&#8230;&#8230;&#8230;&#8230;&#8230;&#8230;&#8230;&#8230;&#8230;&#8230;&#8230;.<\/p>\n","protected":false},"author":5,"featured_media":0,"comment_status":"open","ping_status":"open","sticky":false,"template":"","format":"standard","meta":{"footnotes":""},"categories":[4],"tags":[],"_links":{"self":[{"href":"http:\/\/old.cirkalmetoi.fr\/blog\/wp-json\/wp\/v2\/posts\/673"}],"collection":[{"href":"http:\/\/old.cirkalmetoi.fr\/blog\/wp-json\/wp\/v2\/posts"}],"about":[{"href":"http:\/\/old.cirkalmetoi.fr\/blog\/wp-json\/wp\/v2\/types\/post"}],"author":[{"embeddable":true,"href":"http:\/\/old.cirkalmetoi.fr\/blog\/wp-json\/wp\/v2\/users\/5"}],"replies":[{"embeddable":true,"href":"http:\/\/old.cirkalmetoi.fr\/blog\/wp-json\/wp\/v2\/comments?post=673"}],"version-history":[{"count":4,"href":"http:\/\/old.cirkalmetoi.fr\/blog\/wp-json\/wp\/v2\/posts\/673\/revisions"}],"predecessor-version":[{"id":678,"href":"http:\/\/old.cirkalmetoi.fr\/blog\/wp-json\/wp\/v2\/posts\/673\/revisions\/678"}],"wp:attachment":[{"href":"http:\/\/old.cirkalmetoi.fr\/blog\/wp-json\/wp\/v2\/media?parent=673"}],"wp:term":[{"taxonomy":"category","embeddable":true,"href":"http:\/\/old.cirkalmetoi.fr\/blog\/wp-json\/wp\/v2\/categories?post=673"},{"taxonomy":"post_tag","embeddable":true,"href":"http:\/\/old.cirkalmetoi.fr\/blog\/wp-json\/wp\/v2\/tags?post=673"}],"curies":[{"name":"wp","href":"https:\/\/api.w.org\/{rel}","templated":true}]}}