{"id":660,"date":"2019-05-27T16:26:34","date_gmt":"2019-05-27T14:26:34","guid":{"rendered":"http:\/\/cirkalmetoi.fr\/blog\/?p=660"},"modified":"2019-06-10T19:18:13","modified_gmt":"2019-06-10T17:18:13","slug":"inscriptions-saison-2019-2020","status":"publish","type":"post","link":"http:\/\/old.cirkalmetoi.fr\/blog\/2019\/05\/27\/inscriptions-saison-2019-2020\/","title":{"rendered":"Inscriptions Saison 2019-2020"},"content":{"rendered":"<h1 style=\"margin: 0px;padding: 0px;color: #404040;font-family: Verdana, Arial, Helvetica, sans-serif;text-align: center\"><span style=\"margin: 0px;padding: 0px;color: #333399\">S\u00e9ance d\u2019inscriptions<\/span><\/h1>\n<h2 style=\"margin: 25px 0px 5px;padding: 0px;font-size: 14.4px;color: #404040;font-family: Verdana, Arial, Helvetica, sans-serif;text-align: center\"><em><span style=\"color: #000080\">( en fonction des places disponibles )<\/span><\/em><\/h2>\n<h2 style=\"margin: 25px 0px 5px;padding: 0px;font-size: 14.4px;color: #404040;font-family: Verdana, Arial, Helvetica, sans-serif;text-align: center\"><span style=\"margin: 0px;padding: 0px;color: #333399\">&#8211; le Lundi 01 juillet, de 17h30 \u00e0 19h30,<br \/>\nau gymnase Anatole France (3, av St Paul, Chaville)<\/span><\/h2>\n<h3 style=\"text-align: center\"><span style=\"color: #800080\"><span style=\"margin: 0px;padding: 0px\">&#8211; le Samedi 07 septembre, de 10h \u00e0 18h,<br \/>\n<\/span><span style=\"margin: 0px;padding: 0px\">Forum des Associations de Chaville<\/span><\/span><\/h3>\n<p style=\"margin: 0px 0px 10px;padding: 0px;line-height: 1.5;color: #404040;font-family: Verdana, Arial, Helvetica, sans-serif;font-size: 12px;text-align: center\"><span style=\"margin: 0px;padding: 0px;color: #666699\">\u2026\u2026\u2026\u2026\u2026\u2026\u2026\u2026\u2026\u2026\u2026\u2026\u2026\u2026\u2026\u2026<\/span><\/p>\n<h3 style=\"margin: 0px;padding: 0px;color: #404040;font-family: Verdana, Arial, Helvetica, sans-serif;text-align: center\"><span style=\"margin: 0px;padding: 0px;color: #0000ff\">Nouveaux adh\u00e9rents,<\/span><br \/>\nVous pourrez remplir la fiche de renseignements.<br \/>\nPi\u00e8ces \u00e0 fournir \/\u00a0<em>une photo d\u2019identit\u00e9, un certificat m\u00e9dical, le paiement.<\/em><\/h3>\n<p style=\"margin: 0px 0px 10px;padding: 0px;line-height: 1.5;color: #404040;font-family: Verdana, Arial, Helvetica, sans-serif;font-size: 12px;text-align: center\"><span style=\"margin: 0px;padding: 0px;color: #666699\">\u2026\u2026\u2026\u2026\u2026\u2026\u2026\u2026\u2026\u2026\u2026\u2026<\/span><\/p>\n<h3 style=\"margin: 0px;padding: 0px;color: #404040;font-family: Verdana, Arial, Helvetica, sans-serif;text-align: center\"><span style=\"margin: 0px;padding: 0px;color: #333399\">L\u2019ensemble des cours sont maintenus <\/span><\/h3>\n<h3 style=\"margin: 0px;padding: 0px;color: #404040;font-family: Verdana, Arial, Helvetica, sans-serif;text-align: center\"><span style=\"margin: 0px;padding: 0px;color: #333399\">et <\/span><\/h3>\n<h3 style=\"margin: 0px;padding: 0px;color: #404040;font-family: Verdana, Arial, Helvetica, sans-serif;text-align: center\"><span style=\"margin: 0px;padding: 0px;color: #333399\">Les tarifs restent inchang\u00e9s.<\/span><\/h3>\n<p style=\"margin: 0px 0px 10px;padding: 0px;line-height: 1.5;color: #404040;font-family: Verdana, Arial, Helvetica, sans-serif;font-size: 12px;text-align: center\"><span style=\"margin: 0px;padding: 0px;color: #333399\"><span style=\"margin: 0px;padding: 0px;color: #666699\">\u2026\u2026\u2026\u2026\u2026\u2026\u2026\u2026\u2026\u2026\u2026\u2026\u2026\u2026\u2026\u2026<\/span><\/span><\/p>\n<h3 style=\"margin: 0px;padding: 0px;color: #404040;font-family: Verdana, Arial, Helvetica, sans-serif;text-align: center\"><span style=\"margin: 0px;padding: 0px;color: #ff6600\"><em><span style=\"margin: 0px;padding: 0px\"><span style=\"margin: 0px;padding: 0px;color: #666699\"><span style=\"margin: 0px;padding: 0px;color: #ff6600\">Prochaine s\u00e9ance d\u2019inscriptions,<\/span><br \/>\n<\/span><span style=\"margin: 0px;padding: 0px;color: #666699\">D\u00e9but septembre, <\/span><\/span><\/em><\/span><\/h3>\n<h3 style=\"margin: 0px;padding: 0px;color: #404040;font-family: Verdana, Arial, Helvetica, sans-serif;text-align: center\"><span style=\"margin: 0px;padding: 0px;color: #ff6600\"><em>au Forum des associations de Chaville.<\/em><\/span><\/h3>\n<p style=\"margin: 0px 0px 10px;padding: 0px;line-height: 1.5;color: #404040;font-family: Verdana, Arial, Helvetica, sans-serif;font-size: 12px;text-align: center\"><span style=\"margin: 0px;padding: 0px;color: #666699\">\u2026\u2026\u2026\u2026\u2026\u2026\u2026\u2026\u2026\u2026\u2026\u2026\u2026\u2026\u2026\u2026<\/span><\/p>\n","protected":false},"excerpt":{"rendered":"<p>S\u00e9ance d\u2019inscriptions ( en fonction des places disponibles ) &#8211; le Lundi 01 juillet, de 17h30 \u00e0 19h30, au gymnase Anatole France (3, av St Paul, Chaville) &#8211; le Samedi 07 septembre, de 10h \u00e0 18h, Forum des Associations de Chaville \u2026\u2026\u2026\u2026\u2026\u2026\u2026\u2026\u2026\u2026\u2026\u2026\u2026\u2026\u2026\u2026 Nouveaux adh\u00e9rents, Vous pourrez remplir la fiche de renseignements. Pi\u00e8ces \u00e0 fournir \/\u00a0une [&hellip;]<\/p>\n","protected":false},"author":5,"featured_media":0,"comment_status":"open","ping_status":"open","sticky":false,"template":"","format":"standard","meta":{"footnotes":""},"categories":[4],"tags":[],"_links":{"self":[{"href":"http:\/\/old.cirkalmetoi.fr\/blog\/wp-json\/wp\/v2\/posts\/660"}],"collection":[{"href":"http:\/\/old.cirkalmetoi.fr\/blog\/wp-json\/wp\/v2\/posts"}],"about":[{"href":"http:\/\/old.cirkalmetoi.fr\/blog\/wp-json\/wp\/v2\/types\/post"}],"author":[{"embeddable":true,"href":"http:\/\/old.cirkalmetoi.fr\/blog\/wp-json\/wp\/v2\/users\/5"}],"replies":[{"embeddable":true,"href":"http:\/\/old.cirkalmetoi.fr\/blog\/wp-json\/wp\/v2\/comments?post=660"}],"version-history":[{"count":7,"href":"http:\/\/old.cirkalmetoi.fr\/blog\/wp-json\/wp\/v2\/posts\/660\/revisions"}],"predecessor-version":[{"id":666,"href":"http:\/\/old.cirkalmetoi.fr\/blog\/wp-json\/wp\/v2\/posts\/660\/revisions\/666"}],"wp:attachment":[{"href":"http:\/\/old.cirkalmetoi.fr\/blog\/wp-json\/wp\/v2\/media?parent=660"}],"wp:term":[{"taxonomy":"category","embeddable":true,"href":"http:\/\/old.cirkalmetoi.fr\/blog\/wp-json\/wp\/v2\/categories?post=660"},{"taxonomy":"post_tag","embeddable":true,"href":"http:\/\/old.cirkalmetoi.fr\/blog\/wp-json\/wp\/v2\/tags?post=660"}],"curies":[{"name":"wp","href":"https:\/\/api.w.org\/{rel}","templated":true}]}}