{"id":595,"date":"2018-06-24T16:20:07","date_gmt":"2018-06-24T14:20:07","guid":{"rendered":"http:\/\/cirkalmetoi.fr\/blog\/?p=595"},"modified":"2018-06-24T16:20:07","modified_gmt":"2018-06-24T14:20:07","slug":"inscriptions-saison-2018-2019","status":"publish","type":"post","link":"http:\/\/old.cirkalmetoi.fr\/blog\/2018\/06\/24\/inscriptions-saison-2018-2019\/","title":{"rendered":"Inscriptions Saison 2018-2019"},"content":{"rendered":"<h1 style=\"text-align: center\"><span style=\"color: #333399\">S\u00e9ance d&rsquo;inscription <\/span><\/h1>\n<h2 style=\"text-align: center\"><span style=\"color: #333399\">le Lundi 02 juillet, de 18h \u00e0 19h30,<br \/>\nau gymnase Anatole France (3, av St Paul, Chaville)<\/span><\/h2>\n<p style=\"text-align: center\"><span style=\"color: #666699\">&#8230;&#8230;&#8230;&#8230;&#8230;&#8230;&#8230;&#8230;&#8230;&#8230;&#8230;&#8230;&#8230;&#8230;&#8230;&#8230;<\/span><\/p>\n<h3 style=\"text-align: center\"><span style=\"color: #0000ff\">Pour les nouveaux adh\u00e9rents,<\/span><br \/>\nVous pourrez remplir la fiche de renseignements.<br \/>\nPi\u00e8ces \u00e0 fournir \/ <em>une photo d&rsquo;identit\u00e9, un certificat m\u00e9dical, le paiement. <\/em><\/h3>\n<p style=\"text-align: center\"><span style=\"color: #666699\">&#8230;&#8230;&#8230;&#8230;&#8230;&#8230;&#8230;&#8230;&#8230;&#8230;&#8230;&#8230;&#8230;&#8230;&#8230;&#8230;<\/span><\/p>\n<p style=\"text-align: center\">\n<h3 style=\"text-align: center\"><span style=\"color: #ff6600\">Un nouveau cours \/ <span style=\"color: #333333\">le Mercredi matin \/ 9h \u00e0 12h \/ 7-9 ans !<\/span><\/span><\/h3>\n<p style=\"text-align: center\"><span style=\"color: #ff6600\"><span style=\"color: #333333\"><span style=\"color: #666699\">&#8230;&#8230;&#8230;&#8230;&#8230;&#8230;&#8230;&#8230;&#8230;&#8230;&#8230;&#8230;&#8230;&#8230;&#8230;&#8230;<\/span><\/span><\/span><\/p>\n<h3 style=\"text-align: center\"><span style=\"color: #333399\">L&rsquo;ensemble des cours et Les tarifs restent inchang\u00e9s. <\/span><\/h3>\n<p style=\"text-align: center\"><span style=\"color: #333399\"><span style=\"color: #666699\">&#8230;&#8230;&#8230;&#8230;&#8230;&#8230;&#8230;&#8230;&#8230;&#8230;&#8230;&#8230;&#8230;&#8230;&#8230;&#8230;<\/span><\/span><\/p>\n<h3 style=\"text-align: center\"><span style=\"color: #ff6600\"><em><span style=\"color: #ff6600\"><span style=\"color: #666699\"><span style=\"color: #ff6600\">Prochaine s\u00e9ance d&rsquo;inscriptions,<\/span><br \/>\n<\/span><span style=\"color: #666699\">Le Samedi 08 septembre, de 10h \u00e0 18h, <\/span><\/span><\/em><\/span><\/h3>\n<h3 style=\"text-align: center\"><span style=\"color: #ff6600\"><em><span style=\"color: #ff6600\">au Forum des associations de Chaville. <\/span><\/em><\/span><\/h3>\n<p style=\"text-align: center\"><span style=\"color: #666699\"><span style=\"color: #666699\">&#8230;&#8230;&#8230;&#8230;&#8230;&#8230;&#8230;&#8230;&#8230;&#8230;&#8230;&#8230;&#8230;&#8230;&#8230;&#8230;<\/span><\/span><\/p>\n<h4 style=\"text-align: center\"><span style=\"color: #666699\"><span style=\"color: #666699\">Bonnes Vacances \u00e0 Tous <\/span><\/span><\/h4>\n<p style=\"text-align: center\"><span style=\"color: #666699\"><span style=\"color: #666699\"><span style=\"color: #666699\">&#8230;&#8230;&#8230;&#8230;&#8230;&#8230;&#8230;&#8230;&#8230;&#8230;&#8230;&#8230;&#8230;&#8230;&#8230;&#8230;<\/span><\/span><\/span><\/p>\n<p style=\"text-align: center\">\n","protected":false},"excerpt":{"rendered":"<p>S\u00e9ance d&rsquo;inscription le Lundi 02 juillet, de 18h \u00e0 19h30, au gymnase Anatole France (3, av St Paul, Chaville) &#8230;&#8230;&#8230;&#8230;&#8230;&#8230;&#8230;&#8230;&#8230;&#8230;&#8230;&#8230;&#8230;&#8230;&#8230;&#8230; Pour les nouveaux adh\u00e9rents, Vous pourrez remplir la fiche de renseignements. Pi\u00e8ces \u00e0 fournir \/ une photo d&rsquo;identit\u00e9, un certificat m\u00e9dical, le paiement. &#8230;&#8230;&#8230;&#8230;&#8230;&#8230;&#8230;&#8230;&#8230;&#8230;&#8230;&#8230;&#8230;&#8230;&#8230;&#8230; Un nouveau cours \/ le Mercredi matin \/ 9h \u00e0 12h [&hellip;]<\/p>\n","protected":false},"author":5,"featured_media":0,"comment_status":"open","ping_status":"open","sticky":false,"template":"","format":"standard","meta":{"footnotes":""},"categories":[4],"tags":[],"_links":{"self":[{"href":"http:\/\/old.cirkalmetoi.fr\/blog\/wp-json\/wp\/v2\/posts\/595"}],"collection":[{"href":"http:\/\/old.cirkalmetoi.fr\/blog\/wp-json\/wp\/v2\/posts"}],"about":[{"href":"http:\/\/old.cirkalmetoi.fr\/blog\/wp-json\/wp\/v2\/types\/post"}],"author":[{"embeddable":true,"href":"http:\/\/old.cirkalmetoi.fr\/blog\/wp-json\/wp\/v2\/users\/5"}],"replies":[{"embeddable":true,"href":"http:\/\/old.cirkalmetoi.fr\/blog\/wp-json\/wp\/v2\/comments?post=595"}],"version-history":[{"count":9,"href":"http:\/\/old.cirkalmetoi.fr\/blog\/wp-json\/wp\/v2\/posts\/595\/revisions"}],"predecessor-version":[{"id":604,"href":"http:\/\/old.cirkalmetoi.fr\/blog\/wp-json\/wp\/v2\/posts\/595\/revisions\/604"}],"wp:attachment":[{"href":"http:\/\/old.cirkalmetoi.fr\/blog\/wp-json\/wp\/v2\/media?parent=595"}],"wp:term":[{"taxonomy":"category","embeddable":true,"href":"http:\/\/old.cirkalmetoi.fr\/blog\/wp-json\/wp\/v2\/categories?post=595"},{"taxonomy":"post_tag","embeddable":true,"href":"http:\/\/old.cirkalmetoi.fr\/blog\/wp-json\/wp\/v2\/tags?post=595"}],"curies":[{"name":"wp","href":"https:\/\/api.w.org\/{rel}","templated":true}]}}