{"id":558,"date":"2017-09-20T13:33:28","date_gmt":"2017-09-20T11:33:28","guid":{"rendered":"http:\/\/cirkalmetoi.fr\/blog\/?p=558"},"modified":"2017-09-20T13:33:28","modified_gmt":"2017-09-20T11:33:28","slug":"stage-octobre-2","status":"publish","type":"post","link":"http:\/\/old.cirkalmetoi.fr\/blog\/2017\/09\/20\/stage-octobre-2\/","title":{"rendered":"Stage Octobre !"},"content":{"rendered":"<p style=\"text-align: center\"><img loading=\"lazy\" decoding=\"async\" class=\"aligncenter size-large wp-image-559\" src=\"http:\/\/cirkalmetoi.fr\/blog\/wp-content\/uploads\/2017\/09\/Octobre-2017--708x1024.jpg\" alt=\"Octobre 2017\" width=\"496\" height=\"717\" srcset=\"http:\/\/old.cirkalmetoi.fr\/blog\/wp-content\/uploads\/2017\/09\/Octobre-2017--708x1024.jpg 708w, http:\/\/old.cirkalmetoi.fr\/blog\/wp-content\/uploads\/2017\/09\/Octobre-2017--207x300.jpg 207w, http:\/\/old.cirkalmetoi.fr\/blog\/wp-content\/uploads\/2017\/09\/Octobre-2017-.jpg 720w\" sizes=\"(max-width: 496px) 100vw, 496px\" \/><\/p>\n<h3 style=\"text-align: center\"><span style=\"color: #000080\">Pr\u00e9voir une tenue et un pique nique pour l&rsquo;\u00e9quitation <\/span><\/h3>\n<h3 style=\"text-align: center\"><span style=\"color: #000080\">(le matin,9h-12h)<br \/>\n<\/span><span style=\"color: #000080\"> et une autre tenue et un go\u00fbter pour le Cirque <\/span><\/h3>\n<h3 style=\"text-align: center\"><span style=\"color: #000080\">(l&rsquo;apr\u00e8s-midi, 14h-17h)<\/span><\/h3>\n<p style=\"text-align: center\">\n<h3 style=\"text-align: center\"><span style=\"color: #000080\">Le transport est organis\u00e9 par la Cie CIrKalme-Toi,<br \/>\nqui r\u00e9cup\u00e8re les enfants au Centre \u00e9questre apr\u00e8s le pique nique,<br \/>\npour les amener au gymnase Anatole France. <\/span><\/h3>\n<p style=\"text-align: center\">\n<h3 style=\"text-align: center\"><span style=\"color: #ff0000\">Inscriptions au Gymnase Anatole France, pendant les cours. <\/span><\/h3>\n<h2 style=\"text-align: center\"><span style=\"color: #ff6600\">&#8230;&#8230;&#8230;&#8230;&#8230;&#8230;&#8230;&#8230;&#8230;&#8230;&#8230;&#8230;&#8230;&#8230;..<\/span><\/h2>\n<p><span style=\"color: #ff6600\"><br \/>\n<\/span><\/p>\n","protected":false},"excerpt":{"rendered":"<p>Pr\u00e9voir une tenue et un pique nique pour l&rsquo;\u00e9quitation (le matin,9h-12h) et une autre tenue et un go\u00fbter pour le Cirque (l&rsquo;apr\u00e8s-midi, 14h-17h) Le transport est organis\u00e9 par la Cie CIrKalme-Toi, qui r\u00e9cup\u00e8re les enfants au Centre \u00e9questre apr\u00e8s le pique nique, pour les amener au gymnase Anatole France. Inscriptions au Gymnase Anatole France, pendant [&hellip;]<\/p>\n","protected":false},"author":5,"featured_media":0,"comment_status":"open","ping_status":"open","sticky":false,"template":"","format":"standard","meta":{"footnotes":""},"categories":[4],"tags":[],"_links":{"self":[{"href":"http:\/\/old.cirkalmetoi.fr\/blog\/wp-json\/wp\/v2\/posts\/558"}],"collection":[{"href":"http:\/\/old.cirkalmetoi.fr\/blog\/wp-json\/wp\/v2\/posts"}],"about":[{"href":"http:\/\/old.cirkalmetoi.fr\/blog\/wp-json\/wp\/v2\/types\/post"}],"author":[{"embeddable":true,"href":"http:\/\/old.cirkalmetoi.fr\/blog\/wp-json\/wp\/v2\/users\/5"}],"replies":[{"embeddable":true,"href":"http:\/\/old.cirkalmetoi.fr\/blog\/wp-json\/wp\/v2\/comments?post=558"}],"version-history":[{"count":5,"href":"http:\/\/old.cirkalmetoi.fr\/blog\/wp-json\/wp\/v2\/posts\/558\/revisions"}],"predecessor-version":[{"id":617,"href":"http:\/\/old.cirkalmetoi.fr\/blog\/wp-json\/wp\/v2\/posts\/558\/revisions\/617"}],"wp:attachment":[{"href":"http:\/\/old.cirkalmetoi.fr\/blog\/wp-json\/wp\/v2\/media?parent=558"}],"wp:term":[{"taxonomy":"category","embeddable":true,"href":"http:\/\/old.cirkalmetoi.fr\/blog\/wp-json\/wp\/v2\/categories?post=558"},{"taxonomy":"post_tag","embeddable":true,"href":"http:\/\/old.cirkalmetoi.fr\/blog\/wp-json\/wp\/v2\/tags?post=558"}],"curies":[{"name":"wp","href":"https:\/\/api.w.org\/{rel}","templated":true}]}}