{"id":550,"date":"2017-09-04T12:33:01","date_gmt":"2017-09-04T10:33:01","guid":{"rendered":"http:\/\/cirkalmetoi.fr\/blog\/?p=550"},"modified":"2017-09-04T12:33:01","modified_gmt":"2017-09-04T10:33:01","slug":"cest-la-rentree","status":"publish","type":"post","link":"http:\/\/old.cirkalmetoi.fr\/blog\/2017\/09\/04\/cest-la-rentree\/","title":{"rendered":"C&rsquo;est la Rentr\u00e9e !"},"content":{"rendered":"<h1 style=\"text-align: center\">Bonjour \u00e0 tous et Bonne Rentr\u00e9e !<\/h1>\n<h2 style=\"text-align: center\"><span style=\"color: #000080\">La reprise des cours de la Cie est pr\u00e9vu pour\u00a0la semaine <\/span><\/h2>\n<h2 style=\"text-align: center\"><span style=\"color: #ff6600\">du 11 au 17 septembre. <\/span><\/h2>\n<p><span style=\"color: #000080\"> <\/span><\/p>\n<h2 style=\"text-align: center\"><span style=\"color: #000080\">&#8230;&#8230;&#8230;&#8230;&#8230;.<\/span><\/h2>\n<h2 style=\"text-align: center\"><span style=\"color: #000080\"><br \/>\nComme d&rsquo;hab, <\/span><\/h2>\n<h2 style=\"text-align: center\"><span style=\"color: #000080\">nous serons pr\u00e9sent lors du Forum des associations, <\/span><\/h2>\n<h2 style=\"text-align: center\"><span style=\"color: #000080\">sur le Parvis de l&rsquo;atrium de Chaville, <\/span><\/h2>\n<h2 style=\"text-align: center\"><span style=\"color: #000080\">pour les inscriptions, demandes de renseignements <\/span><\/h2>\n<h2 style=\"text-align: center\"><span style=\"color: #000080\">et des Animations, <\/span><\/h2>\n<h2 style=\"text-align: center\"><span style=\"color: #000080\">le samedi 09 septembre. <\/span><\/h2>\n<h3 style=\"text-align: center\"><\/h3>\n<h3 style=\"text-align: center\">A Bient\u00f4t,<br \/>\nL&rsquo;\u00e9quipe de la Cie CirKalme-Toi.<\/h3>\n<p style=\"text-align: center\">&#8230;&#8230;&#8230;&#8230;&#8230;&#8230;&#8230;&#8230;&#8230;&#8230;.<\/p>\n","protected":false},"excerpt":{"rendered":"<p>Bonjour \u00e0 tous et Bonne Rentr\u00e9e ! La reprise des cours de la Cie est pr\u00e9vu pour\u00a0la semaine du 11 au 17 septembre. &#8230;&#8230;&#8230;&#8230;&#8230;. Comme d&rsquo;hab, nous serons pr\u00e9sent lors du Forum des associations, sur le Parvis de l&rsquo;atrium de Chaville, pour les inscriptions, demandes de renseignements et des Animations, le samedi 09 septembre. A [&hellip;]<\/p>\n","protected":false},"author":5,"featured_media":0,"comment_status":"open","ping_status":"open","sticky":false,"template":"","format":"standard","meta":{"footnotes":""},"categories":[4],"tags":[],"_links":{"self":[{"href":"http:\/\/old.cirkalmetoi.fr\/blog\/wp-json\/wp\/v2\/posts\/550"}],"collection":[{"href":"http:\/\/old.cirkalmetoi.fr\/blog\/wp-json\/wp\/v2\/posts"}],"about":[{"href":"http:\/\/old.cirkalmetoi.fr\/blog\/wp-json\/wp\/v2\/types\/post"}],"author":[{"embeddable":true,"href":"http:\/\/old.cirkalmetoi.fr\/blog\/wp-json\/wp\/v2\/users\/5"}],"replies":[{"embeddable":true,"href":"http:\/\/old.cirkalmetoi.fr\/blog\/wp-json\/wp\/v2\/comments?post=550"}],"version-history":[{"count":7,"href":"http:\/\/old.cirkalmetoi.fr\/blog\/wp-json\/wp\/v2\/posts\/550\/revisions"}],"predecessor-version":[{"id":557,"href":"http:\/\/old.cirkalmetoi.fr\/blog\/wp-json\/wp\/v2\/posts\/550\/revisions\/557"}],"wp:attachment":[{"href":"http:\/\/old.cirkalmetoi.fr\/blog\/wp-json\/wp\/v2\/media?parent=550"}],"wp:term":[{"taxonomy":"category","embeddable":true,"href":"http:\/\/old.cirkalmetoi.fr\/blog\/wp-json\/wp\/v2\/categories?post=550"},{"taxonomy":"post_tag","embeddable":true,"href":"http:\/\/old.cirkalmetoi.fr\/blog\/wp-json\/wp\/v2\/tags?post=550"}],"curies":[{"name":"wp","href":"https:\/\/api.w.org\/{rel}","templated":true}]}}