{"id":478,"date":"2016-09-20T12:15:03","date_gmt":"2016-09-20T10:15:03","guid":{"rendered":"http:\/\/cirkalmetoi.fr\/blog\/?p=478"},"modified":"2016-09-20T12:15:03","modified_gmt":"2016-09-20T10:15:03","slug":"stage-equitation-cirque-2","status":"publish","type":"post","link":"http:\/\/old.cirkalmetoi.fr\/blog\/2016\/09\/20\/stage-equitation-cirque-2\/","title":{"rendered":"\u00a0\u00bb Stage Equitation &amp; Cirque \u00ab\u00a0"},"content":{"rendered":"<p style=\"text-align: center\"><img loading=\"lazy\" decoding=\"async\" class=\"aligncenter size-large wp-image-480\" src=\"http:\/\/cirkalmetoi.fr\/blog\/wp-content\/uploads\/2016\/09\/Octobre-2016-1-708x1024.jpg\" alt=\"Octobre 2016\" width=\"453\" height=\"655\" srcset=\"http:\/\/old.cirkalmetoi.fr\/blog\/wp-content\/uploads\/2016\/09\/Octobre-2016-1-708x1024.jpg 708w, http:\/\/old.cirkalmetoi.fr\/blog\/wp-content\/uploads\/2016\/09\/Octobre-2016-1-207x300.jpg 207w, http:\/\/old.cirkalmetoi.fr\/blog\/wp-content\/uploads\/2016\/09\/Octobre-2016-1.jpg 720w\" sizes=\"(max-width: 453px) 100vw, 453px\" \/><\/p>\n<p style=\"text-align: left\">\n<h2 style=\"text-align: center\"><span style=\"color: #333399\"><span style=\"color: #ff6600\">Equitation<\/span> le matin \u00e0 <span style=\"color: #ff6600\">9h<\/span>, les enfants d\u00e9jeune au Club \u00e9questre le midi. <\/span><\/h2>\n<h2 style=\"text-align: center\"><span style=\"color: #333399\">Nous assurons ensuite le transport en minibus jusqu&rsquo;au Gymnase Anatole France pour l&rsquo;activit\u00e9 <span style=\"color: #ff6600\">Cirque jusqu&rsquo;\u00e0 <\/span><span style=\"color: #ff6600\"><span style=\"color: #ff6600\">1<\/span>7h.<\/span> <\/span><\/h2>\n<p><span style=\"color: #333399\"><br \/>\n<\/span><\/p>\n<h3 style=\"text-align: left\"><span style=\"color: #333399\"><span style=\"color: #000080\">Rendez vous au Gymnase Anatole France pour les inscriptions, pendant les horaires des cours, \u00a0(voir rubrique Cours et Stages).<\/span><\/span><\/h3>\n<h3><span style=\"color: #333399\"><span style=\"color: #000080\"> <\/span><br \/>\n<\/span><span style=\"text-decoration: underline\">Documents \u00e0 fournir<\/span> \/ 1 certificat m\u00e9dical (cirque et \u00e9quitation), 1 photo d&rsquo;identit\u00e9, le paiement (160\u20ac)<br \/>\nA bient\u00f4t !<\/h3>\n","protected":false},"excerpt":{"rendered":"<p>Equitation le matin \u00e0 9h, les enfants d\u00e9jeune au Club \u00e9questre le midi. Nous assurons ensuite le transport en minibus jusqu&rsquo;au Gymnase Anatole France pour l&rsquo;activit\u00e9 Cirque jusqu&rsquo;\u00e0 17h. Rendez vous au Gymnase Anatole France pour les inscriptions, pendant les horaires des cours, \u00a0(voir rubrique Cours et Stages). Documents \u00e0 fournir \/ 1 certificat m\u00e9dical [&hellip;]<\/p>\n","protected":false},"author":5,"featured_media":0,"comment_status":"open","ping_status":"open","sticky":false,"template":"","format":"standard","meta":{"footnotes":""},"categories":[4],"tags":[],"_links":{"self":[{"href":"http:\/\/old.cirkalmetoi.fr\/blog\/wp-json\/wp\/v2\/posts\/478"}],"collection":[{"href":"http:\/\/old.cirkalmetoi.fr\/blog\/wp-json\/wp\/v2\/posts"}],"about":[{"href":"http:\/\/old.cirkalmetoi.fr\/blog\/wp-json\/wp\/v2\/types\/post"}],"author":[{"embeddable":true,"href":"http:\/\/old.cirkalmetoi.fr\/blog\/wp-json\/wp\/v2\/users\/5"}],"replies":[{"embeddable":true,"href":"http:\/\/old.cirkalmetoi.fr\/blog\/wp-json\/wp\/v2\/comments?post=478"}],"version-history":[{"count":7,"href":"http:\/\/old.cirkalmetoi.fr\/blog\/wp-json\/wp\/v2\/posts\/478\/revisions"}],"predecessor-version":[{"id":487,"href":"http:\/\/old.cirkalmetoi.fr\/blog\/wp-json\/wp\/v2\/posts\/478\/revisions\/487"}],"wp:attachment":[{"href":"http:\/\/old.cirkalmetoi.fr\/blog\/wp-json\/wp\/v2\/media?parent=478"}],"wp:term":[{"taxonomy":"category","embeddable":true,"href":"http:\/\/old.cirkalmetoi.fr\/blog\/wp-json\/wp\/v2\/categories?post=478"},{"taxonomy":"post_tag","embeddable":true,"href":"http:\/\/old.cirkalmetoi.fr\/blog\/wp-json\/wp\/v2\/tags?post=478"}],"curies":[{"name":"wp","href":"https:\/\/api.w.org\/{rel}","templated":true}]}}