{"id":377,"date":"2015-06-25T17:58:09","date_gmt":"2015-06-25T15:58:09","guid":{"rendered":"http:\/\/cirkalmetoi.fr\/blog\/?p=377"},"modified":"2015-07-03T10:50:53","modified_gmt":"2015-07-03T08:50:53","slug":"inscriptions-2015-2016","status":"publish","type":"post","link":"http:\/\/old.cirkalmetoi.fr\/blog\/2015\/06\/25\/inscriptions-2015-2016\/","title":{"rendered":"INSCRIPTIONS 2015-2016"},"content":{"rendered":"<h1 style=\"text-align: center\">Pour la saison 2015-2016,<\/h1>\n<h1><span style=\"color: #ff6600\"><br \/>\n<\/span><\/h1>\n<h2 style=\"text-align: center\">Reprise des cours \/ Semaine du 14 septembre 2015.<\/h2>\n<h2><span style=\"color: #ff0000\">NOUVEAUX ADH\u00c9RENTS<\/span><\/h2>\n<h2><span style=\"color: #000080\">Les inscriptions auront lieux lors du Forum des associations, le samedi 05 septembre 2015, de 10h \u00e0 18h.<\/span><\/h2>\n<h2>les demandes de pr\u00e9 inscription se font par mail du 01 juillet au 15 juillet, et Les inscriptions d\u00e9finitives auront lieux au Forum des associations.<\/h2>\n<h2>Sur place vous pourrez remplir une fiche de renseignements.<br \/>\nUne confirmation d&rsquo;inscription est obligatoire, avant 12h. Sans confirmation, la place sera lib\u00e9r\u00e9e.<\/h2>\n<h2><span style=\"color: #993300\">Document \u00e0 fournir <\/span>\/ une photo d&rsquo;identit\u00e9, un certificat m\u00e9dical et le paiement.<\/h2>\n<h2><\/h2>\n<h2><span style=\"color: #ff0000\">D\u00c9J\u00c0 ADHERENTS<\/span><\/h2>\n<h2><span style=\"color: #000080\"> <\/span>Une confirmation est n\u00e9cessaire, \u00a0d\u00e9but septembre, jusqu&rsquo;au jours du Forum, sur place ou par mail pour renouveler l&rsquo;inscription.<\/h2>\n<h2><span style=\"color: #993300\">Documents \u00e0 fournir<\/span> \/ un certificat m\u00e9dical et le paiement.<\/h2>\n<h1 style=\"text-align: center\"><span style=\"color: #ff6600\">Bon \u00e9t\u00e9<\/span><\/h1>\n<p><span style=\"color: #ff6600\"><br \/>\n<\/span><\/p>\n","protected":false},"excerpt":{"rendered":"<p>Pour la saison 2015-2016, Reprise des cours \/ Semaine du 14 septembre 2015. NOUVEAUX ADH\u00c9RENTS Les inscriptions auront lieux lors du Forum des associations, le samedi 05 septembre 2015, de 10h \u00e0 18h. les demandes de pr\u00e9 inscription se font par mail du 01 juillet au 15 juillet, et Les inscriptions d\u00e9finitives auront lieux au [&hellip;]<\/p>\n","protected":false},"author":5,"featured_media":0,"comment_status":"open","ping_status":"open","sticky":false,"template":"","format":"standard","meta":{"footnotes":""},"categories":[4],"tags":[],"_links":{"self":[{"href":"http:\/\/old.cirkalmetoi.fr\/blog\/wp-json\/wp\/v2\/posts\/377"}],"collection":[{"href":"http:\/\/old.cirkalmetoi.fr\/blog\/wp-json\/wp\/v2\/posts"}],"about":[{"href":"http:\/\/old.cirkalmetoi.fr\/blog\/wp-json\/wp\/v2\/types\/post"}],"author":[{"embeddable":true,"href":"http:\/\/old.cirkalmetoi.fr\/blog\/wp-json\/wp\/v2\/users\/5"}],"replies":[{"embeddable":true,"href":"http:\/\/old.cirkalmetoi.fr\/blog\/wp-json\/wp\/v2\/comments?post=377"}],"version-history":[{"count":11,"href":"http:\/\/old.cirkalmetoi.fr\/blog\/wp-json\/wp\/v2\/posts\/377\/revisions"}],"predecessor-version":[{"id":388,"href":"http:\/\/old.cirkalmetoi.fr\/blog\/wp-json\/wp\/v2\/posts\/377\/revisions\/388"}],"wp:attachment":[{"href":"http:\/\/old.cirkalmetoi.fr\/blog\/wp-json\/wp\/v2\/media?parent=377"}],"wp:term":[{"taxonomy":"category","embeddable":true,"href":"http:\/\/old.cirkalmetoi.fr\/blog\/wp-json\/wp\/v2\/categories?post=377"},{"taxonomy":"post_tag","embeddable":true,"href":"http:\/\/old.cirkalmetoi.fr\/blog\/wp-json\/wp\/v2\/tags?post=377"}],"curies":[{"name":"wp","href":"https:\/\/api.w.org\/{rel}","templated":true}]}}