{"id":372,"date":"2015-06-11T21:42:02","date_gmt":"2015-06-11T19:42:02","guid":{"rendered":"http:\/\/cirkalmetoi.fr\/blog\/?p=372"},"modified":"2015-06-11T21:42:02","modified_gmt":"2015-06-11T19:42:02","slug":"stages-dete-2015","status":"publish","type":"post","link":"http:\/\/old.cirkalmetoi.fr\/blog\/2015\/06\/11\/stages-dete-2015\/","title":{"rendered":"Stages d&rsquo;\u00e9t\u00e9 2015"},"content":{"rendered":"<h1 style=\"text-align: center\"><span style=\"color: #888888\"><em>2 \u00a0 Stages <\/em><\/span><\/h1>\n<h1 style=\"text-align: center\">Du 06 au 10 juillet \/ 70\u20ac<\/h1>\n<h1 style=\"text-align: center\">Le 13, 15, 16 et 17 juillet \/ 55\u20ac<span style=\"font-size: 13px;font-weight: normal\"> <\/span><\/h1>\n<h2 style=\"text-align: center\">De 14h \u00e0 17h, \u00a0 \u00a0<span style=\"color: #000080\">Au gymnase Anatole France<\/span><\/h2>\n<p><span style=\"color: #000080\"><img loading=\"lazy\" decoding=\"async\" class=\"alignleft size-medium wp-image-373\" src=\"http:\/\/cirkalmetoi.fr\/blog\/wp-content\/uploads\/2015\/06\/DSCN0115-225x300.jpg\" alt=\"DSCN0115\" width=\"225\" height=\"300\" srcset=\"http:\/\/old.cirkalmetoi.fr\/blog\/wp-content\/uploads\/2015\/06\/DSCN0115-225x300.jpg 225w, http:\/\/old.cirkalmetoi.fr\/blog\/wp-content\/uploads\/2015\/06\/DSCN0115-768x1024.jpg 768w\" sizes=\"(max-width: 225px) 100vw, 225px\" \/><br \/>\n<\/span><\/p>\n<h2><span style=\"color: #ff6600\">Activit\u00e9s propos\u00e9es<\/span> \/<\/h2>\n<h2><span style=\"color: #000080\">Equilibre<\/span>, <span style=\"color: #008000\">Jonglage<\/span>, <span style=\"color: #ff0000\">Trap\u00e8zes<\/span>, <span style=\"color: #993366\">Acrobatie<\/span>, <span style=\"color: #993300\">Mini trampoline<\/span>&#8230;<\/h2>\n<p><span style=\"color: #ff0000\"><br \/>\n<\/span><\/p>\n<h2><span style=\"color: #ff0000\">Les inscriptions, au gymnase, ont d\u00e9but\u00e9s et les places sont limit\u00e9es !<\/span><\/h2>\n","protected":false},"excerpt":{"rendered":"<p>2 \u00a0 Stages Du 06 au 10 juillet \/ 70\u20ac Le 13, 15, 16 et 17 juillet \/ 55\u20ac De 14h \u00e0 17h, \u00a0 \u00a0Au gymnase Anatole France Activit\u00e9s propos\u00e9es \/ Equilibre, Jonglage, Trap\u00e8zes, Acrobatie, Mini trampoline&#8230; Les inscriptions, au gymnase, ont d\u00e9but\u00e9s et les places sont limit\u00e9es !<\/p>\n","protected":false},"author":5,"featured_media":0,"comment_status":"open","ping_status":"open","sticky":false,"template":"","format":"standard","meta":{"footnotes":""},"categories":[4],"tags":[],"_links":{"self":[{"href":"http:\/\/old.cirkalmetoi.fr\/blog\/wp-json\/wp\/v2\/posts\/372"}],"collection":[{"href":"http:\/\/old.cirkalmetoi.fr\/blog\/wp-json\/wp\/v2\/posts"}],"about":[{"href":"http:\/\/old.cirkalmetoi.fr\/blog\/wp-json\/wp\/v2\/types\/post"}],"author":[{"embeddable":true,"href":"http:\/\/old.cirkalmetoi.fr\/blog\/wp-json\/wp\/v2\/users\/5"}],"replies":[{"embeddable":true,"href":"http:\/\/old.cirkalmetoi.fr\/blog\/wp-json\/wp\/v2\/comments?post=372"}],"version-history":[{"count":3,"href":"http:\/\/old.cirkalmetoi.fr\/blog\/wp-json\/wp\/v2\/posts\/372\/revisions"}],"predecessor-version":[{"id":376,"href":"http:\/\/old.cirkalmetoi.fr\/blog\/wp-json\/wp\/v2\/posts\/372\/revisions\/376"}],"wp:attachment":[{"href":"http:\/\/old.cirkalmetoi.fr\/blog\/wp-json\/wp\/v2\/media?parent=372"}],"wp:term":[{"taxonomy":"category","embeddable":true,"href":"http:\/\/old.cirkalmetoi.fr\/blog\/wp-json\/wp\/v2\/categories?post=372"},{"taxonomy":"post_tag","embeddable":true,"href":"http:\/\/old.cirkalmetoi.fr\/blog\/wp-json\/wp\/v2\/tags?post=372"}],"curies":[{"name":"wp","href":"https:\/\/api.w.org\/{rel}","templated":true}]}}