{"id":320,"date":"2014-08-31T17:47:05","date_gmt":"2014-08-31T15:47:05","guid":{"rendered":"http:\/\/cirkalmetoi.fr\/blog\/?p=320"},"modified":"2014-08-31T17:48:40","modified_gmt":"2014-08-31T15:48:40","slug":"saison-2014-2015","status":"publish","type":"post","link":"http:\/\/old.cirkalmetoi.fr\/blog\/2014\/08\/31\/saison-2014-2015\/","title":{"rendered":"SAISON 2014-2015"},"content":{"rendered":"<h1 style=\"text-align: center\"><span style=\"color: #000080\">ArTs \u00a0du \u00a0CirQue<\/span><\/h1>\n<h1 style=\"text-align: center\"><span style=\"color: #000080\">Bient\u00f4t \u00a0La reprise ! <\/span><\/h1>\n<h2 style=\"text-align: center\">1er cours, A partir du Lundi 15 septembre 2014, \u00e0 17h.<\/h2>\n<p style=\"text-align: center\"><span style=\"color: #000080;font-size: 1.17em\"><strong><em>Nous serons pr\u00e9sents lors du Forum des Associations, <\/em><\/strong><\/span><\/p>\n<p style=\"text-align: center\"><strong><em><span style=\"color: #000080;font-size: 1.17em\"> <\/span><span style=\"color: #000080;font-size: 1.17em\">le samedi 13 septembre, de 10h \u00e0 17h, Atrium de Chaville.<\/span><\/em><\/strong><\/p>\n<h4 style=\"text-align: center\"><span style=\"color: #0000ff\"><span style=\"color: #993300\">Au menu <\/span>\/<br \/>\n<\/span><span style=\"color: #000000\">Inscriptions, R\u00e9 inscriptions, Renseignements, Animations&#8230;<\/span><\/h4>\n<p><span style=\"color: #000080\"><br \/>\n<\/span><\/p>\n<h5><span style=\"color: #000080\"><span style=\"color: #993300\">Documents \u00e0 fournir<\/span> \/ <\/span><\/p>\n<ul>\n<li><span style=\"color: #000080\">Nouveau adh\u00e9rents \/ <span style=\"color: #000000\">un certificat m\u00e9dical, une photo d&rsquo;identit\u00e9, le paiement.<\/span><\/span><\/li>\n<\/ul>\n<ul>\n<li><span style=\"color: #000080\">R\u00e9 inscriptions \/<span style=\"color: #000000\">un certificat m\u00e9dical &amp; le paiement. <\/span><\/span><\/li>\n<\/ul>\n<\/h5>\n<p><span style=\"color: #000080\"><br \/>\n<\/span><\/p>\n","protected":false},"excerpt":{"rendered":"<p>ArTs \u00a0du \u00a0CirQue Bient\u00f4t \u00a0La reprise ! 1er cours, A partir du Lundi 15 septembre 2014, \u00e0 17h. Nous serons pr\u00e9sents lors du Forum des Associations, le samedi 13 septembre, de 10h \u00e0 17h, Atrium de Chaville. Au menu \/ Inscriptions, R\u00e9 inscriptions, Renseignements, Animations&#8230; Documents \u00e0 fournir \/ Nouveau adh\u00e9rents \/ un certificat m\u00e9dical, [&hellip;]<\/p>\n","protected":false},"author":5,"featured_media":0,"comment_status":"open","ping_status":"open","sticky":false,"template":"","format":"standard","meta":{"footnotes":""},"categories":[4],"tags":[],"_links":{"self":[{"href":"http:\/\/old.cirkalmetoi.fr\/blog\/wp-json\/wp\/v2\/posts\/320"}],"collection":[{"href":"http:\/\/old.cirkalmetoi.fr\/blog\/wp-json\/wp\/v2\/posts"}],"about":[{"href":"http:\/\/old.cirkalmetoi.fr\/blog\/wp-json\/wp\/v2\/types\/post"}],"author":[{"embeddable":true,"href":"http:\/\/old.cirkalmetoi.fr\/blog\/wp-json\/wp\/v2\/users\/5"}],"replies":[{"embeddable":true,"href":"http:\/\/old.cirkalmetoi.fr\/blog\/wp-json\/wp\/v2\/comments?post=320"}],"version-history":[{"count":6,"href":"http:\/\/old.cirkalmetoi.fr\/blog\/wp-json\/wp\/v2\/posts\/320\/revisions"}],"predecessor-version":[{"id":325,"href":"http:\/\/old.cirkalmetoi.fr\/blog\/wp-json\/wp\/v2\/posts\/320\/revisions\/325"}],"wp:attachment":[{"href":"http:\/\/old.cirkalmetoi.fr\/blog\/wp-json\/wp\/v2\/media?parent=320"}],"wp:term":[{"taxonomy":"category","embeddable":true,"href":"http:\/\/old.cirkalmetoi.fr\/blog\/wp-json\/wp\/v2\/categories?post=320"},{"taxonomy":"post_tag","embeddable":true,"href":"http:\/\/old.cirkalmetoi.fr\/blog\/wp-json\/wp\/v2\/tags?post=320"}],"curies":[{"name":"wp","href":"https:\/\/api.w.org\/{rel}","templated":true}]}}