{"id":214,"date":"2012-10-01T16:26:26","date_gmt":"2012-10-01T14:26:26","guid":{"rendered":"http:\/\/cirkalmetoi.fr\/blog\/?p=214"},"modified":"2012-10-01T16:26:26","modified_gmt":"2012-10-01T14:26:26","slug":"stage-cirque-equitation","status":"publish","type":"post","link":"http:\/\/old.cirkalmetoi.fr\/blog\/2012\/10\/01\/stage-cirque-equitation\/","title":{"rendered":"STAGE \/ Cirque &amp; Equitation"},"content":{"rendered":"<h1 style=\"text-align: center\"><span style=\"font-weight: normal\"><span style=\"color: #008000\">Du 29 octobre au 02 novembre,<\/span> <\/span><\/h1>\n<h2 style=\"text-align: center\"><span style=\"font-weight: normal\"><span style=\"color: #0000ff\">de 9h30 \u00e0 17h.<\/span><\/span><\/h2>\n<h3><span style=\"font-weight: normal\">Rendez vous <\/span>le matin pour \u00a03 heures d&rsquo;\u00e9quitation<span style=\"font-weight: normal\"> et \u00a0d\u00e9jeunez sur place.<br \/>\nPuis \u00e0 13h45, nous organisons la navette du Centre\u00a0\u00c9questre\u00a0au gymnase Anatole France (7 min environ) et <\/span>Arts du Cirque, de 14h \u00e0 17h <span style=\"font-weight: normal\">! <\/span><\/h3>\n<h3><span style=\"font-weight: normal\"><br \/>\n<span style=\"color: #993300\">Co\u00fbt du Stage \/ 2x 80\u20ac \/ 160\u20ac.<\/span><br \/>\nLes Inscriptions sont ouvertes, au Gymnase Anatole France, pendant les horaires des cours. <\/span><\/h3>\n<h2><span style=\"font-weight: normal\"><span style=\"color: #ff6600\">Places tr\u00e8s limit\u00e9es.<\/span><\/span><\/h2>\n<p><img loading=\"lazy\" decoding=\"async\" class=\"alignright size-medium wp-image-219\" src=\"http:\/\/cirkalmetoi.fr\/blog\/wp-content\/uploads\/2012\/10\/DSCN0218-225x300.jpg\" alt=\"DSCN0218\" width=\"180\" height=\"240\" srcset=\"http:\/\/old.cirkalmetoi.fr\/blog\/wp-content\/uploads\/2012\/10\/DSCN0218-225x300.jpg 225w, http:\/\/old.cirkalmetoi.fr\/blog\/wp-content\/uploads\/2012\/10\/DSCN0218-768x1024.jpg 768w\" sizes=\"(max-width: 180px) 100vw, 180px\" \/><\/p>\n<p style=\"text-align: center\"><img loading=\"lazy\" decoding=\"async\" class=\"size-medium wp-image-217 aligncenter\" src=\"http:\/\/cirkalmetoi.fr\/blog\/wp-content\/uploads\/2012\/10\/DSCN0201-225x300.jpg\" alt=\"DSCN0201\" width=\"180\" height=\"240\" srcset=\"http:\/\/old.cirkalmetoi.fr\/blog\/wp-content\/uploads\/2012\/10\/DSCN0201-225x300.jpg 225w, http:\/\/old.cirkalmetoi.fr\/blog\/wp-content\/uploads\/2012\/10\/DSCN0201-768x1024.jpg 768w\" sizes=\"(max-width: 180px) 100vw, 180px\" \/><\/p>\n<h3><span style=\"color: #000000\"><em>Les parents d\u00e9posent leurs enfants au Centre\u00a0\u00c9questre\u00a0\u00e0 9h25 et les r\u00e9cup\u00e8rent au Gymnase Anatole France \u00e0 17h.<\/em><\/span><\/h3>\n<p><span style=\"font-weight: normal\"><span style=\"color: #0000ff\"><br \/>\n<\/span><\/span><\/p>\n","protected":false},"excerpt":{"rendered":"<p>Du 29 octobre au 02 novembre, de 9h30 \u00e0 17h. Rendez vous le matin pour \u00a03 heures d&rsquo;\u00e9quitation et \u00a0d\u00e9jeunez sur place. Puis \u00e0 13h45, nous organisons la navette du Centre\u00a0\u00c9questre\u00a0au gymnase Anatole France (7 min environ) et Arts du Cirque, de 14h \u00e0 17h ! Co\u00fbt du Stage \/ 2x 80\u20ac \/ 160\u20ac. Les [&hellip;]<\/p>\n","protected":false},"author":5,"featured_media":0,"comment_status":"open","ping_status":"open","sticky":false,"template":"","format":"standard","meta":{"footnotes":""},"categories":[4],"tags":[],"_links":{"self":[{"href":"http:\/\/old.cirkalmetoi.fr\/blog\/wp-json\/wp\/v2\/posts\/214"}],"collection":[{"href":"http:\/\/old.cirkalmetoi.fr\/blog\/wp-json\/wp\/v2\/posts"}],"about":[{"href":"http:\/\/old.cirkalmetoi.fr\/blog\/wp-json\/wp\/v2\/types\/post"}],"author":[{"embeddable":true,"href":"http:\/\/old.cirkalmetoi.fr\/blog\/wp-json\/wp\/v2\/users\/5"}],"replies":[{"embeddable":true,"href":"http:\/\/old.cirkalmetoi.fr\/blog\/wp-json\/wp\/v2\/comments?post=214"}],"version-history":[{"count":9,"href":"http:\/\/old.cirkalmetoi.fr\/blog\/wp-json\/wp\/v2\/posts\/214\/revisions"}],"predecessor-version":[{"id":225,"href":"http:\/\/old.cirkalmetoi.fr\/blog\/wp-json\/wp\/v2\/posts\/214\/revisions\/225"}],"wp:attachment":[{"href":"http:\/\/old.cirkalmetoi.fr\/blog\/wp-json\/wp\/v2\/media?parent=214"}],"wp:term":[{"taxonomy":"category","embeddable":true,"href":"http:\/\/old.cirkalmetoi.fr\/blog\/wp-json\/wp\/v2\/categories?post=214"},{"taxonomy":"post_tag","embeddable":true,"href":"http:\/\/old.cirkalmetoi.fr\/blog\/wp-json\/wp\/v2\/tags?post=214"}],"curies":[{"name":"wp","href":"https:\/\/api.w.org\/{rel}","templated":true}]}}