{"id":210,"date":"2012-09-03T13:14:31","date_gmt":"2012-09-03T11:14:31","guid":{"rendered":"http:\/\/cirkalmetoi.fr\/blog\/?p=210"},"modified":"2012-09-03T13:14:31","modified_gmt":"2012-09-03T11:14:31","slug":"rentree-2012-2013","status":"publish","type":"post","link":"http:\/\/old.cirkalmetoi.fr\/blog\/2012\/09\/03\/rentree-2012-2013\/","title":{"rendered":"Rentr\u00e9e 2012-2013"},"content":{"rendered":"<h2 style=\"text-align: center\"><strong><span style=\"color: #0000ff\">La <span style=\"color: #ff6600\">Cie <\/span><span style=\"color: #ffcc00\">CirKalme<\/span>&#8211;<span style=\"color: #ff9900\">Toi <\/span><span style=\"color: #ff0000\">fait <\/span><span style=\"color: #00ccff\">sa<\/span> rentr\u00e9e ! <\/span><\/strong><\/h2>\n<h3><span style=\"font-weight: normal\">Nous serons pr\u00e9sents au forum des associations de Chaville, le samedi 08 septembre, pour tout renseignement.<br \/>\n<\/span><\/h3>\n<h3><span style=\"font-weight: normal\">Les cours d\u00e9buteront la semaine du 10 septembre ! <\/span><\/h3>\n<p><span style=\"font-weight: normal\"><br \/>\nBonne Reprise&#8230;<\/span><\/p>\n","protected":false},"excerpt":{"rendered":"<p>La Cie CirKalme&#8211;Toi fait sa rentr\u00e9e ! Nous serons pr\u00e9sents au forum des associations de Chaville, le samedi 08 septembre, pour tout renseignement. Les cours d\u00e9buteront la semaine du 10 septembre ! Bonne Reprise&#8230;<\/p>\n","protected":false},"author":5,"featured_media":0,"comment_status":"open","ping_status":"open","sticky":false,"template":"","format":"standard","meta":{"footnotes":""},"categories":[4],"tags":[],"_links":{"self":[{"href":"http:\/\/old.cirkalmetoi.fr\/blog\/wp-json\/wp\/v2\/posts\/210"}],"collection":[{"href":"http:\/\/old.cirkalmetoi.fr\/blog\/wp-json\/wp\/v2\/posts"}],"about":[{"href":"http:\/\/old.cirkalmetoi.fr\/blog\/wp-json\/wp\/v2\/types\/post"}],"author":[{"embeddable":true,"href":"http:\/\/old.cirkalmetoi.fr\/blog\/wp-json\/wp\/v2\/users\/5"}],"replies":[{"embeddable":true,"href":"http:\/\/old.cirkalmetoi.fr\/blog\/wp-json\/wp\/v2\/comments?post=210"}],"version-history":[{"count":3,"href":"http:\/\/old.cirkalmetoi.fr\/blog\/wp-json\/wp\/v2\/posts\/210\/revisions"}],"predecessor-version":[{"id":213,"href":"http:\/\/old.cirkalmetoi.fr\/blog\/wp-json\/wp\/v2\/posts\/210\/revisions\/213"}],"wp:attachment":[{"href":"http:\/\/old.cirkalmetoi.fr\/blog\/wp-json\/wp\/v2\/media?parent=210"}],"wp:term":[{"taxonomy":"category","embeddable":true,"href":"http:\/\/old.cirkalmetoi.fr\/blog\/wp-json\/wp\/v2\/categories?post=210"},{"taxonomy":"post_tag","embeddable":true,"href":"http:\/\/old.cirkalmetoi.fr\/blog\/wp-json\/wp\/v2\/tags?post=210"}],"curies":[{"name":"wp","href":"https:\/\/api.w.org\/{rel}","templated":true}]}}