{"id":148,"date":"2011-08-29T17:01:47","date_gmt":"2011-08-29T15:01:47","guid":{"rendered":"http:\/\/cirkalmetoi.fr\/blog\/?p=148"},"modified":"2011-08-29T17:15:26","modified_gmt":"2011-08-29T15:15:26","slug":"rentree-2011-2012","status":"publish","type":"post","link":"http:\/\/old.cirkalmetoi.fr\/blog\/2011\/08\/29\/rentree-2011-2012\/","title":{"rendered":"Rentr\u00e9e 2011-2012 !"},"content":{"rendered":"<h2 style=\"text-align: center\">Inscriptions<\/h2>\n<h2 style=\"text-align: center\"><em><span style=\"color: #0000ff\">Rdv Samedi 10 septembre, au Forum des associations de Chaville<\/span><\/em><em>.<\/em><\/h2>\n<p><em><span style=\"color: #0000ff\"><strong><br \/>\n<\/strong><\/span><\/em><\/p>\n<p style=\"text-align: center\">\n<ul>\n<li><span style=\"color: #0000ff\">La reprise des cours se fera \u00e0 partir du Lundi 12 septembre 2012.<\/span><\/li>\n<\/ul>\n<p style=\"text-align: center\"><span style=\"color: #0000ff\">Pour tous renseignements, n&rsquo;h\u00e9sitez pas, envoyer un mail.<\/span><\/p>\n<p style=\"text-align: center\"><span style=\"color: #0000ff\">A Bient\u00f4t,<\/span><\/p>\n<p style=\"text-align: center\"><span style=\"color: #0000ff\">Toutes l&rsquo;\u00e9quipe de la Cie CirKalme-Toi .<\/span><\/p>\n","protected":false},"excerpt":{"rendered":"<p>Inscriptions Rdv Samedi 10 septembre, au Forum des associations de Chaville. La reprise des cours se fera \u00e0 partir du Lundi 12 septembre 2012. Pour tous renseignements, n&rsquo;h\u00e9sitez pas, envoyer un mail. A Bient\u00f4t, Toutes l&rsquo;\u00e9quipe de la Cie CirKalme-Toi .<\/p>\n","protected":false},"author":5,"featured_media":0,"comment_status":"open","ping_status":"open","sticky":false,"template":"","format":"standard","meta":{"footnotes":""},"categories":[4],"tags":[],"_links":{"self":[{"href":"http:\/\/old.cirkalmetoi.fr\/blog\/wp-json\/wp\/v2\/posts\/148"}],"collection":[{"href":"http:\/\/old.cirkalmetoi.fr\/blog\/wp-json\/wp\/v2\/posts"}],"about":[{"href":"http:\/\/old.cirkalmetoi.fr\/blog\/wp-json\/wp\/v2\/types\/post"}],"author":[{"embeddable":true,"href":"http:\/\/old.cirkalmetoi.fr\/blog\/wp-json\/wp\/v2\/users\/5"}],"replies":[{"embeddable":true,"href":"http:\/\/old.cirkalmetoi.fr\/blog\/wp-json\/wp\/v2\/comments?post=148"}],"version-history":[{"count":7,"href":"http:\/\/old.cirkalmetoi.fr\/blog\/wp-json\/wp\/v2\/posts\/148\/revisions"}],"predecessor-version":[{"id":150,"href":"http:\/\/old.cirkalmetoi.fr\/blog\/wp-json\/wp\/v2\/posts\/148\/revisions\/150"}],"wp:attachment":[{"href":"http:\/\/old.cirkalmetoi.fr\/blog\/wp-json\/wp\/v2\/media?parent=148"}],"wp:term":[{"taxonomy":"category","embeddable":true,"href":"http:\/\/old.cirkalmetoi.fr\/blog\/wp-json\/wp\/v2\/categories?post=148"},{"taxonomy":"post_tag","embeddable":true,"href":"http:\/\/old.cirkalmetoi.fr\/blog\/wp-json\/wp\/v2\/tags?post=148"}],"curies":[{"name":"wp","href":"https:\/\/api.w.org\/{rel}","templated":true}]}}